{"id":18798,"date":"2025-09-06T09:21:48","date_gmt":"2025-09-06T07:21:48","guid":{"rendered":"https:\/\/www.art-le-ny.com\/blog\/?p=18798"},"modified":"2025-09-06T09:21:48","modified_gmt":"2025-09-06T07:21:48","slug":"la-fuite-des-horizons","status":"publish","type":"post","link":"https:\/\/www.art-le-ny.com\/blog\/2025\/09\/06\/la-fuite-des-horizons\/","title":{"rendered":"la fuite des horizons"},"content":{"rendered":"<p class=\"western\"><span style=\"font-family: Times New Roman, serif;\"><span style=\"font-size: medium;\">\u00c9trange existence prise entre mort et vie. Comme si nous \u00e9tions sur une \u00eele s\u00e9par\u00e9e des continents. Et un horizon fuyant ind\u00e9finiment, qui nous \u00e9chappe. De m\u00eame \u00e9voluant au dessus d\u2019un monde inf\u00e9rieur effrayant et \u00e9cras\u00e9 par un monde sup\u00e9rieur, ce qui nous r\u00e9duit \u00e0 si peu selon ces apparences. <\/span><\/span><\/p>\n","protected":false},"excerpt":{"rendered":"<p>\u00c9trange existence prise entre mort et vie. Comme si nous \u00e9tions sur une \u00eele s\u00e9par\u00e9e des continents. Et un horizon fuyant ind\u00e9finiment, qui nous \u00e9chappe. De m\u00eame \u00e9voluant au dessus d\u2019un monde inf\u00e9rieur effrayant et \u00e9cras\u00e9 par un monde sup\u00e9rieur, &hellip; <a href=\"https:\/\/www.art-le-ny.com\/blog\/2025\/09\/06\/la-fuite-des-horizons\/\">Continuer la lecture <span class=\"meta-nav\">&rarr;<\/span><\/a><\/p>\n","protected":false},"author":1,"featured_media":0,"comment_status":"open","ping_status":"closed","sticky":false,"template":"","format":"standard","meta":{"jetpack_post_was_ever_published":false,"_jetpack_newsletter_access":"","_jetpack_dont_email_post_to_subs":false,"_jetpack_newsletter_tier_id":0,"_jetpack_memberships_contains_paywalled_content":false,"_jetpack_memberships_contains_paid_content":false,"footnotes":""},"categories":[7],"tags":[58,28,34,45],"class_list":["post-18798","post","type-post","status-publish","format-standard","hentry","category-ecrits","tag-art","tag-conscience","tag-esprit","tag-science"],"yoast_head":"<!-- This site is optimized with the Yoast SEO plugin v26.7 - https:\/\/yoast.com\/wordpress\/plugins\/seo\/ -->\n<title>la fuite des horizons - Soleil couchant<\/title>\n<meta name=\"robots\" content=\"index, follow, max-snippet:-1, max-image-preview:large, max-video-preview:-1\" \/>\n<link rel=\"canonical\" href=\"https:\/\/www.art-le-ny.com\/blog\/2025\/09\/06\/la-fuite-des-horizons\/\" \/>\n<meta property=\"og:locale\" content=\"fr_FR\" \/>\n<meta property=\"og:type\" content=\"article\" \/>\n<meta property=\"og:title\" content=\"la fuite des horizons - Soleil couchant\" \/>\n<meta property=\"og:description\" content=\"\u00c9trange existence prise entre mort et vie. Comme si nous \u00e9tions sur une \u00eele s\u00e9par\u00e9e des continents. Et un horizon fuyant ind\u00e9finiment, qui nous \u00e9chappe. De m\u00eame \u00e9voluant au dessus d\u2019un monde inf\u00e9rieur effrayant et \u00e9cras\u00e9 par un monde sup\u00e9rieur, &hellip; Continuer la lecture &rarr;\" \/>\n<meta property=\"og:url\" content=\"https:\/\/www.art-le-ny.com\/blog\/2025\/09\/06\/la-fuite-des-horizons\/\" \/>\n<meta property=\"og:site_name\" content=\"Soleil couchant\" \/>\n<meta property=\"article:published_time\" content=\"2025-09-06T07:21:48+00:00\" \/>\n<meta name=\"author\" content=\"Eric Le Ny\" \/>\n<meta name=\"twitter:card\" content=\"summary_large_image\" \/>\n<meta name=\"twitter:label1\" content=\"\u00c9crit par\" \/>\n\t<meta name=\"twitter:data1\" content=\"Eric Le Ny\" \/>\n\t<meta name=\"twitter:label2\" content=\"Dur\u00e9e de lecture estim\u00e9e\" \/>\n\t<meta name=\"twitter:data2\" content=\"1 minute\" \/>\n<script type=\"application\/ld+json\" class=\"yoast-schema-graph\">{\"@context\":\"https:\/\/schema.org\",\"@graph\":[{\"@type\":\"Article\",\"@id\":\"https:\/\/www.art-le-ny.com\/blog\/2025\/09\/06\/la-fuite-des-horizons\/#article\",\"isPartOf\":{\"@id\":\"https:\/\/www.art-le-ny.com\/blog\/2025\/09\/06\/la-fuite-des-horizons\/\"},\"author\":{\"name\":\"Eric Le Ny\",\"@id\":\"https:\/\/www.art-le-ny.com\/blog\/#\/schema\/person\/e5f08e62280ee6d733443c67b3e17b9c\"},\"headline\":\"la fuite des horizons\",\"datePublished\":\"2025-09-06T07:21:48+00:00\",\"mainEntityOfPage\":{\"@id\":\"https:\/\/www.art-le-ny.com\/blog\/2025\/09\/06\/la-fuite-des-horizons\/\"},\"wordCount\":61,\"commentCount\":0,\"keywords\":[\"art\",\"Conscience\",\"Esprit\",\"Science\"],\"articleSection\":[\"\u00e9crits\"],\"inLanguage\":\"fr-FR\",\"potentialAction\":[{\"@type\":\"CommentAction\",\"name\":\"Comment\",\"target\":[\"https:\/\/www.art-le-ny.com\/blog\/2025\/09\/06\/la-fuite-des-horizons\/#respond\"]}]},{\"@type\":\"WebPage\",\"@id\":\"https:\/\/www.art-le-ny.com\/blog\/2025\/09\/06\/la-fuite-des-horizons\/\",\"url\":\"https:\/\/www.art-le-ny.com\/blog\/2025\/09\/06\/la-fuite-des-horizons\/\",\"name\":\"la fuite des horizons - Soleil couchant\",\"isPartOf\":{\"@id\":\"https:\/\/www.art-le-ny.com\/blog\/#website\"},\"datePublished\":\"2025-09-06T07:21:48+00:00\",\"author\":{\"@id\":\"https:\/\/www.art-le-ny.com\/blog\/#\/schema\/person\/e5f08e62280ee6d733443c67b3e17b9c\"},\"breadcrumb\":{\"@id\":\"https:\/\/www.art-le-ny.com\/blog\/2025\/09\/06\/la-fuite-des-horizons\/#breadcrumb\"},\"inLanguage\":\"fr-FR\",\"potentialAction\":[{\"@type\":\"ReadAction\",\"target\":[\"https:\/\/www.art-le-ny.com\/blog\/2025\/09\/06\/la-fuite-des-horizons\/\"]}]},{\"@type\":\"BreadcrumbList\",\"@id\":\"https:\/\/www.art-le-ny.com\/blog\/2025\/09\/06\/la-fuite-des-horizons\/#breadcrumb\",\"itemListElement\":[{\"@type\":\"ListItem\",\"position\":1,\"name\":\"Accueil\",\"item\":\"https:\/\/www.art-le-ny.com\/blog\/\"},{\"@type\":\"ListItem\",\"position\":2,\"name\":\"la fuite des horizons\"}]},{\"@type\":\"WebSite\",\"@id\":\"https:\/\/www.art-le-ny.com\/blog\/#website\",\"url\":\"https:\/\/www.art-le-ny.com\/blog\/\",\"name\":\"Soleil couchant\",\"description\":\"De l&#039;Orient vers l&#039;Oc\u00e9an\",\"potentialAction\":[{\"@type\":\"SearchAction\",\"target\":{\"@type\":\"EntryPoint\",\"urlTemplate\":\"https:\/\/www.art-le-ny.com\/blog\/?s={search_term_string}\"},\"query-input\":{\"@type\":\"PropertyValueSpecification\",\"valueRequired\":true,\"valueName\":\"search_term_string\"}}],\"inLanguage\":\"fr-FR\"},{\"@type\":\"Person\",\"@id\":\"https:\/\/www.art-le-ny.com\/blog\/#\/schema\/person\/e5f08e62280ee6d733443c67b3e17b9c\",\"name\":\"Eric Le Ny\",\"image\":{\"@type\":\"ImageObject\",\"inLanguage\":\"fr-FR\",\"@id\":\"https:\/\/www.art-le-ny.com\/blog\/#\/schema\/person\/image\/\",\"url\":\"https:\/\/secure.gravatar.com\/avatar\/5a5480f073a1fc5245c0aaf2f795b033c670645d1fddbd5774ba82b27bde411e?s=96&d=wavatar&r=g\",\"contentUrl\":\"https:\/\/secure.gravatar.com\/avatar\/5a5480f073a1fc5245c0aaf2f795b033c670645d1fddbd5774ba82b27bde411e?s=96&d=wavatar&r=g\",\"caption\":\"Eric Le Ny\"},\"sameAs\":[\"http:\/\/www.art-le-ny.com\/blog\"],\"url\":\"https:\/\/www.art-le-ny.com\/blog\/author\/noeleny\/\"}]}<\/script>\n<!-- \/ Yoast SEO plugin. -->","yoast_head_json":{"title":"la fuite des horizons - Soleil couchant","robots":{"index":"index","follow":"follow","max-snippet":"max-snippet:-1","max-image-preview":"max-image-preview:large","max-video-preview":"max-video-preview:-1"},"canonical":"https:\/\/www.art-le-ny.com\/blog\/2025\/09\/06\/la-fuite-des-horizons\/","og_locale":"fr_FR","og_type":"article","og_title":"la fuite des horizons - Soleil couchant","og_description":"\u00c9trange existence prise entre mort et vie. Comme si nous \u00e9tions sur une \u00eele s\u00e9par\u00e9e des continents. Et un horizon fuyant ind\u00e9finiment, qui nous \u00e9chappe. De m\u00eame \u00e9voluant au dessus d\u2019un monde inf\u00e9rieur effrayant et \u00e9cras\u00e9 par un monde sup\u00e9rieur, &hellip; Continuer la lecture &rarr;","og_url":"https:\/\/www.art-le-ny.com\/blog\/2025\/09\/06\/la-fuite-des-horizons\/","og_site_name":"Soleil couchant","article_published_time":"2025-09-06T07:21:48+00:00","author":"Eric Le Ny","twitter_card":"summary_large_image","twitter_misc":{"\u00c9crit par":"Eric Le Ny","Dur\u00e9e de lecture estim\u00e9e":"1 minute"},"schema":{"@context":"https:\/\/schema.org","@graph":[{"@type":"Article","@id":"https:\/\/www.art-le-ny.com\/blog\/2025\/09\/06\/la-fuite-des-horizons\/#article","isPartOf":{"@id":"https:\/\/www.art-le-ny.com\/blog\/2025\/09\/06\/la-fuite-des-horizons\/"},"author":{"name":"Eric Le Ny","@id":"https:\/\/www.art-le-ny.com\/blog\/#\/schema\/person\/e5f08e62280ee6d733443c67b3e17b9c"},"headline":"la fuite des horizons","datePublished":"2025-09-06T07:21:48+00:00","mainEntityOfPage":{"@id":"https:\/\/www.art-le-ny.com\/blog\/2025\/09\/06\/la-fuite-des-horizons\/"},"wordCount":61,"commentCount":0,"keywords":["art","Conscience","Esprit","Science"],"articleSection":["\u00e9crits"],"inLanguage":"fr-FR","potentialAction":[{"@type":"CommentAction","name":"Comment","target":["https:\/\/www.art-le-ny.com\/blog\/2025\/09\/06\/la-fuite-des-horizons\/#respond"]}]},{"@type":"WebPage","@id":"https:\/\/www.art-le-ny.com\/blog\/2025\/09\/06\/la-fuite-des-horizons\/","url":"https:\/\/www.art-le-ny.com\/blog\/2025\/09\/06\/la-fuite-des-horizons\/","name":"la fuite des horizons - Soleil couchant","isPartOf":{"@id":"https:\/\/www.art-le-ny.com\/blog\/#website"},"datePublished":"2025-09-06T07:21:48+00:00","author":{"@id":"https:\/\/www.art-le-ny.com\/blog\/#\/schema\/person\/e5f08e62280ee6d733443c67b3e17b9c"},"breadcrumb":{"@id":"https:\/\/www.art-le-ny.com\/blog\/2025\/09\/06\/la-fuite-des-horizons\/#breadcrumb"},"inLanguage":"fr-FR","potentialAction":[{"@type":"ReadAction","target":["https:\/\/www.art-le-ny.com\/blog\/2025\/09\/06\/la-fuite-des-horizons\/"]}]},{"@type":"BreadcrumbList","@id":"https:\/\/www.art-le-ny.com\/blog\/2025\/09\/06\/la-fuite-des-horizons\/#breadcrumb","itemListElement":[{"@type":"ListItem","position":1,"name":"Accueil","item":"https:\/\/www.art-le-ny.com\/blog\/"},{"@type":"ListItem","position":2,"name":"la fuite des horizons"}]},{"@type":"WebSite","@id":"https:\/\/www.art-le-ny.com\/blog\/#website","url":"https:\/\/www.art-le-ny.com\/blog\/","name":"Soleil couchant","description":"De l&#039;Orient vers l&#039;Oc\u00e9an","potentialAction":[{"@type":"SearchAction","target":{"@type":"EntryPoint","urlTemplate":"https:\/\/www.art-le-ny.com\/blog\/?s={search_term_string}"},"query-input":{"@type":"PropertyValueSpecification","valueRequired":true,"valueName":"search_term_string"}}],"inLanguage":"fr-FR"},{"@type":"Person","@id":"https:\/\/www.art-le-ny.com\/blog\/#\/schema\/person\/e5f08e62280ee6d733443c67b3e17b9c","name":"Eric Le Ny","image":{"@type":"ImageObject","inLanguage":"fr-FR","@id":"https:\/\/www.art-le-ny.com\/blog\/#\/schema\/person\/image\/","url":"https:\/\/secure.gravatar.com\/avatar\/5a5480f073a1fc5245c0aaf2f795b033c670645d1fddbd5774ba82b27bde411e?s=96&d=wavatar&r=g","contentUrl":"https:\/\/secure.gravatar.com\/avatar\/5a5480f073a1fc5245c0aaf2f795b033c670645d1fddbd5774ba82b27bde411e?s=96&d=wavatar&r=g","caption":"Eric Le Ny"},"sameAs":["http:\/\/www.art-le-ny.com\/blog"],"url":"https:\/\/www.art-le-ny.com\/blog\/author\/noeleny\/"}]}},"jetpack_featured_media_url":"","jetpack_sharing_enabled":true,"jetpack_likes_enabled":true,"_links":{"self":[{"href":"https:\/\/www.art-le-ny.com\/blog\/wp-json\/wp\/v2\/posts\/18798","targetHints":{"allow":["GET"]}}],"collection":[{"href":"https:\/\/www.art-le-ny.com\/blog\/wp-json\/wp\/v2\/posts"}],"about":[{"href":"https:\/\/www.art-le-ny.com\/blog\/wp-json\/wp\/v2\/types\/post"}],"author":[{"embeddable":true,"href":"https:\/\/www.art-le-ny.com\/blog\/wp-json\/wp\/v2\/users\/1"}],"replies":[{"embeddable":true,"href":"https:\/\/www.art-le-ny.com\/blog\/wp-json\/wp\/v2\/comments?post=18798"}],"version-history":[{"count":2,"href":"https:\/\/www.art-le-ny.com\/blog\/wp-json\/wp\/v2\/posts\/18798\/revisions"}],"predecessor-version":[{"id":18800,"href":"https:\/\/www.art-le-ny.com\/blog\/wp-json\/wp\/v2\/posts\/18798\/revisions\/18800"}],"wp:attachment":[{"href":"https:\/\/www.art-le-ny.com\/blog\/wp-json\/wp\/v2\/media?parent=18798"}],"wp:term":[{"taxonomy":"category","embeddable":true,"href":"https:\/\/www.art-le-ny.com\/blog\/wp-json\/wp\/v2\/categories?post=18798"},{"taxonomy":"post_tag","embeddable":true,"href":"https:\/\/www.art-le-ny.com\/blog\/wp-json\/wp\/v2\/tags?post=18798"}],"curies":[{"name":"wp","href":"https:\/\/api.w.org\/{rel}","templated":true}]}}