{"id":19366,"date":"2026-04-29T10:17:32","date_gmt":"2026-04-29T08:17:32","guid":{"rendered":"https:\/\/www.art-le-ny.com\/blog\/?p=19366"},"modified":"2026-04-29T10:17:32","modified_gmt":"2026-04-29T08:17:32","slug":"le-normal","status":"publish","type":"post","link":"https:\/\/www.art-le-ny.com\/blog\/2026\/04\/29\/le-normal\/","title":{"rendered":"Le normal"},"content":{"rendered":"<p>Le temps normal est un temps sans dieu, un temps strictement humain, c&rsquo;est \u00e0 dire m\u00e9lang\u00e9 de biens et de maux qui s\u2019affrontent et nous d\u00e9chirent, jusqu&rsquo;\u00e0 l&rsquo;apparition, la venue de Dieu.<br \/>\nCela se con\u00e7oit, plus facilement qu&rsquo;on pense : Sous la pression des maux et souffrances, des folies et des d\u00e9sordres \u00ab\u00a0normaux\u00a0\u00bb du fait de l&rsquo;anormalit\u00e9 humaine, qui ne sait plus o\u00f9 se tourner pour r\u00e9soudre ces maux, <strong>On <\/strong>fait appel au plus grand possible et pensable.<br \/>\nJusque l\u00e0, tout va bien. La pr\u00e9sence christique accomplit sa mission, nettement sup\u00e9rieure \u00e0 nos croyances ou nos raisons. Tout cela se passe dans des n\u0153uds singuliers de nos histoires et ne laisse pas \u00e0 proprement dit de traces historiques, mais autre chose de tr\u00e8s d\u00e9licat \u00e0 exprimer, et que nous voudrions saisir une fois pour toutes.<br \/>\nMais non \u00e7a ne marche pas ainsi.<br \/>\nNous retrouvons notre humanit\u00e9 normale, c&rsquo;est \u00e0 dire livr\u00e9e \u00e0 ses erreurs, ses lumi\u00e8res, ses doutes, ses craintes, et luttes oblig\u00e9es qui nous forment. Mais une humanit\u00e9 \u00e0 qui il reste des \u00e9chos puissants et qui veulent l&rsquo;imposer comme unique v\u00e9rit\u00e9 objective.<br \/>\nCe qui est cens\u00e9 \u00eatre bien se transforme en mal atroce.<br \/>\n<strong>On<\/strong> n&rsquo;en sort pas.<\/p>\n","protected":false},"excerpt":{"rendered":"<p>Le temps normal est un temps sans dieu, un temps strictement humain, c&rsquo;est \u00e0 dire m\u00e9lang\u00e9 de biens et de maux qui s\u2019affrontent et nous d\u00e9chirent, jusqu&rsquo;\u00e0 l&rsquo;apparition, la venue de Dieu. Cela se con\u00e7oit, plus facilement qu&rsquo;on pense : &hellip; <a href=\"https:\/\/www.art-le-ny.com\/blog\/2026\/04\/29\/le-normal\/\">Continuer la lecture <span class=\"meta-nav\">&rarr;<\/span><\/a><\/p>\n","protected":false},"author":1,"featured_media":0,"comment_status":"open","ping_status":"closed","sticky":false,"template":"","format":"standard","meta":{"jetpack_post_was_ever_published":false,"_jetpack_newsletter_access":"","_jetpack_dont_email_post_to_subs":false,"_jetpack_newsletter_tier_id":0,"_jetpack_memberships_contains_paywalled_content":false,"_jetpack_memberships_contains_paid_content":false,"footnotes":""},"categories":[7],"tags":[],"class_list":["post-19366","post","type-post","status-publish","format-standard","hentry","category-ecrits"],"yoast_head":"<!-- This site is optimized with the Yoast SEO plugin v26.7 - https:\/\/yoast.com\/wordpress\/plugins\/seo\/ -->\n<title>Le normal - Soleil couchant<\/title>\n<meta name=\"robots\" content=\"index, follow, max-snippet:-1, max-image-preview:large, max-video-preview:-1\" \/>\n<link rel=\"canonical\" href=\"https:\/\/www.art-le-ny.com\/blog\/2026\/04\/29\/le-normal\/\" \/>\n<meta property=\"og:locale\" content=\"fr_FR\" \/>\n<meta property=\"og:type\" content=\"article\" \/>\n<meta property=\"og:title\" content=\"Le normal - Soleil couchant\" \/>\n<meta property=\"og:description\" content=\"Le temps normal est un temps sans dieu, un temps strictement humain, c&rsquo;est \u00e0 dire m\u00e9lang\u00e9 de biens et de maux qui s\u2019affrontent et nous d\u00e9chirent, jusqu&rsquo;\u00e0 l&rsquo;apparition, la venue de Dieu. Cela se con\u00e7oit, plus facilement qu&rsquo;on pense : &hellip; Continuer la lecture &rarr;\" \/>\n<meta property=\"og:url\" content=\"https:\/\/www.art-le-ny.com\/blog\/2026\/04\/29\/le-normal\/\" \/>\n<meta property=\"og:site_name\" content=\"Soleil couchant\" \/>\n<meta property=\"article:published_time\" content=\"2026-04-29T08:17:32+00:00\" \/>\n<meta name=\"author\" content=\"Eric Le Ny\" \/>\n<meta name=\"twitter:card\" content=\"summary_large_image\" \/>\n<meta name=\"twitter:label1\" content=\"\u00c9crit par\" \/>\n\t<meta name=\"twitter:data1\" content=\"Eric Le Ny\" \/>\n\t<meta name=\"twitter:label2\" content=\"Dur\u00e9e de lecture estim\u00e9e\" \/>\n\t<meta name=\"twitter:data2\" content=\"2 minutes\" \/>\n<script type=\"application\/ld+json\" class=\"yoast-schema-graph\">{\"@context\":\"https:\/\/schema.org\",\"@graph\":[{\"@type\":\"Article\",\"@id\":\"https:\/\/www.art-le-ny.com\/blog\/2026\/04\/29\/le-normal\/#article\",\"isPartOf\":{\"@id\":\"https:\/\/www.art-le-ny.com\/blog\/2026\/04\/29\/le-normal\/\"},\"author\":{\"name\":\"Eric Le Ny\",\"@id\":\"https:\/\/www.art-le-ny.com\/blog\/#\/schema\/person\/e5f08e62280ee6d733443c67b3e17b9c\"},\"headline\":\"Le normal\",\"datePublished\":\"2026-04-29T08:17:32+00:00\",\"mainEntityOfPage\":{\"@id\":\"https:\/\/www.art-le-ny.com\/blog\/2026\/04\/29\/le-normal\/\"},\"wordCount\":215,\"commentCount\":1,\"articleSection\":[\"\u00e9crits\"],\"inLanguage\":\"fr-FR\",\"potentialAction\":[{\"@type\":\"CommentAction\",\"name\":\"Comment\",\"target\":[\"https:\/\/www.art-le-ny.com\/blog\/2026\/04\/29\/le-normal\/#respond\"]}]},{\"@type\":\"WebPage\",\"@id\":\"https:\/\/www.art-le-ny.com\/blog\/2026\/04\/29\/le-normal\/\",\"url\":\"https:\/\/www.art-le-ny.com\/blog\/2026\/04\/29\/le-normal\/\",\"name\":\"Le normal - Soleil couchant\",\"isPartOf\":{\"@id\":\"https:\/\/www.art-le-ny.com\/blog\/#website\"},\"datePublished\":\"2026-04-29T08:17:32+00:00\",\"author\":{\"@id\":\"https:\/\/www.art-le-ny.com\/blog\/#\/schema\/person\/e5f08e62280ee6d733443c67b3e17b9c\"},\"breadcrumb\":{\"@id\":\"https:\/\/www.art-le-ny.com\/blog\/2026\/04\/29\/le-normal\/#breadcrumb\"},\"inLanguage\":\"fr-FR\",\"potentialAction\":[{\"@type\":\"ReadAction\",\"target\":[\"https:\/\/www.art-le-ny.com\/blog\/2026\/04\/29\/le-normal\/\"]}]},{\"@type\":\"BreadcrumbList\",\"@id\":\"https:\/\/www.art-le-ny.com\/blog\/2026\/04\/29\/le-normal\/#breadcrumb\",\"itemListElement\":[{\"@type\":\"ListItem\",\"position\":1,\"name\":\"Accueil\",\"item\":\"https:\/\/www.art-le-ny.com\/blog\/\"},{\"@type\":\"ListItem\",\"position\":2,\"name\":\"Le normal\"}]},{\"@type\":\"WebSite\",\"@id\":\"https:\/\/www.art-le-ny.com\/blog\/#website\",\"url\":\"https:\/\/www.art-le-ny.com\/blog\/\",\"name\":\"Soleil couchant\",\"description\":\"De l&#039;Orient vers l&#039;Oc\u00e9an\",\"potentialAction\":[{\"@type\":\"SearchAction\",\"target\":{\"@type\":\"EntryPoint\",\"urlTemplate\":\"https:\/\/www.art-le-ny.com\/blog\/?s={search_term_string}\"},\"query-input\":{\"@type\":\"PropertyValueSpecification\",\"valueRequired\":true,\"valueName\":\"search_term_string\"}}],\"inLanguage\":\"fr-FR\"},{\"@type\":\"Person\",\"@id\":\"https:\/\/www.art-le-ny.com\/blog\/#\/schema\/person\/e5f08e62280ee6d733443c67b3e17b9c\",\"name\":\"Eric Le Ny\",\"image\":{\"@type\":\"ImageObject\",\"inLanguage\":\"fr-FR\",\"@id\":\"https:\/\/www.art-le-ny.com\/blog\/#\/schema\/person\/image\/\",\"url\":\"https:\/\/secure.gravatar.com\/avatar\/5a5480f073a1fc5245c0aaf2f795b033c670645d1fddbd5774ba82b27bde411e?s=96&d=wavatar&r=g\",\"contentUrl\":\"https:\/\/secure.gravatar.com\/avatar\/5a5480f073a1fc5245c0aaf2f795b033c670645d1fddbd5774ba82b27bde411e?s=96&d=wavatar&r=g\",\"caption\":\"Eric Le Ny\"},\"sameAs\":[\"http:\/\/www.art-le-ny.com\/blog\"],\"url\":\"https:\/\/www.art-le-ny.com\/blog\/author\/noeleny\/\"}]}<\/script>\n<!-- \/ Yoast SEO plugin. -->","yoast_head_json":{"title":"Le normal - Soleil couchant","robots":{"index":"index","follow":"follow","max-snippet":"max-snippet:-1","max-image-preview":"max-image-preview:large","max-video-preview":"max-video-preview:-1"},"canonical":"https:\/\/www.art-le-ny.com\/blog\/2026\/04\/29\/le-normal\/","og_locale":"fr_FR","og_type":"article","og_title":"Le normal - Soleil couchant","og_description":"Le temps normal est un temps sans dieu, un temps strictement humain, c&rsquo;est \u00e0 dire m\u00e9lang\u00e9 de biens et de maux qui s\u2019affrontent et nous d\u00e9chirent, jusqu&rsquo;\u00e0 l&rsquo;apparition, la venue de Dieu. Cela se con\u00e7oit, plus facilement qu&rsquo;on pense : &hellip; Continuer la lecture &rarr;","og_url":"https:\/\/www.art-le-ny.com\/blog\/2026\/04\/29\/le-normal\/","og_site_name":"Soleil couchant","article_published_time":"2026-04-29T08:17:32+00:00","author":"Eric Le Ny","twitter_card":"summary_large_image","twitter_misc":{"\u00c9crit par":"Eric Le Ny","Dur\u00e9e de lecture estim\u00e9e":"2 minutes"},"schema":{"@context":"https:\/\/schema.org","@graph":[{"@type":"Article","@id":"https:\/\/www.art-le-ny.com\/blog\/2026\/04\/29\/le-normal\/#article","isPartOf":{"@id":"https:\/\/www.art-le-ny.com\/blog\/2026\/04\/29\/le-normal\/"},"author":{"name":"Eric Le Ny","@id":"https:\/\/www.art-le-ny.com\/blog\/#\/schema\/person\/e5f08e62280ee6d733443c67b3e17b9c"},"headline":"Le normal","datePublished":"2026-04-29T08:17:32+00:00","mainEntityOfPage":{"@id":"https:\/\/www.art-le-ny.com\/blog\/2026\/04\/29\/le-normal\/"},"wordCount":215,"commentCount":1,"articleSection":["\u00e9crits"],"inLanguage":"fr-FR","potentialAction":[{"@type":"CommentAction","name":"Comment","target":["https:\/\/www.art-le-ny.com\/blog\/2026\/04\/29\/le-normal\/#respond"]}]},{"@type":"WebPage","@id":"https:\/\/www.art-le-ny.com\/blog\/2026\/04\/29\/le-normal\/","url":"https:\/\/www.art-le-ny.com\/blog\/2026\/04\/29\/le-normal\/","name":"Le normal - Soleil couchant","isPartOf":{"@id":"https:\/\/www.art-le-ny.com\/blog\/#website"},"datePublished":"2026-04-29T08:17:32+00:00","author":{"@id":"https:\/\/www.art-le-ny.com\/blog\/#\/schema\/person\/e5f08e62280ee6d733443c67b3e17b9c"},"breadcrumb":{"@id":"https:\/\/www.art-le-ny.com\/blog\/2026\/04\/29\/le-normal\/#breadcrumb"},"inLanguage":"fr-FR","potentialAction":[{"@type":"ReadAction","target":["https:\/\/www.art-le-ny.com\/blog\/2026\/04\/29\/le-normal\/"]}]},{"@type":"BreadcrumbList","@id":"https:\/\/www.art-le-ny.com\/blog\/2026\/04\/29\/le-normal\/#breadcrumb","itemListElement":[{"@type":"ListItem","position":1,"name":"Accueil","item":"https:\/\/www.art-le-ny.com\/blog\/"},{"@type":"ListItem","position":2,"name":"Le normal"}]},{"@type":"WebSite","@id":"https:\/\/www.art-le-ny.com\/blog\/#website","url":"https:\/\/www.art-le-ny.com\/blog\/","name":"Soleil couchant","description":"De l&#039;Orient vers l&#039;Oc\u00e9an","potentialAction":[{"@type":"SearchAction","target":{"@type":"EntryPoint","urlTemplate":"https:\/\/www.art-le-ny.com\/blog\/?s={search_term_string}"},"query-input":{"@type":"PropertyValueSpecification","valueRequired":true,"valueName":"search_term_string"}}],"inLanguage":"fr-FR"},{"@type":"Person","@id":"https:\/\/www.art-le-ny.com\/blog\/#\/schema\/person\/e5f08e62280ee6d733443c67b3e17b9c","name":"Eric Le Ny","image":{"@type":"ImageObject","inLanguage":"fr-FR","@id":"https:\/\/www.art-le-ny.com\/blog\/#\/schema\/person\/image\/","url":"https:\/\/secure.gravatar.com\/avatar\/5a5480f073a1fc5245c0aaf2f795b033c670645d1fddbd5774ba82b27bde411e?s=96&d=wavatar&r=g","contentUrl":"https:\/\/secure.gravatar.com\/avatar\/5a5480f073a1fc5245c0aaf2f795b033c670645d1fddbd5774ba82b27bde411e?s=96&d=wavatar&r=g","caption":"Eric Le Ny"},"sameAs":["http:\/\/www.art-le-ny.com\/blog"],"url":"https:\/\/www.art-le-ny.com\/blog\/author\/noeleny\/"}]}},"jetpack_featured_media_url":"","jetpack_sharing_enabled":true,"jetpack_likes_enabled":true,"_links":{"self":[{"href":"https:\/\/www.art-le-ny.com\/blog\/wp-json\/wp\/v2\/posts\/19366","targetHints":{"allow":["GET"]}}],"collection":[{"href":"https:\/\/www.art-le-ny.com\/blog\/wp-json\/wp\/v2\/posts"}],"about":[{"href":"https:\/\/www.art-le-ny.com\/blog\/wp-json\/wp\/v2\/types\/post"}],"author":[{"embeddable":true,"href":"https:\/\/www.art-le-ny.com\/blog\/wp-json\/wp\/v2\/users\/1"}],"replies":[{"embeddable":true,"href":"https:\/\/www.art-le-ny.com\/blog\/wp-json\/wp\/v2\/comments?post=19366"}],"version-history":[{"count":1,"href":"https:\/\/www.art-le-ny.com\/blog\/wp-json\/wp\/v2\/posts\/19366\/revisions"}],"predecessor-version":[{"id":19367,"href":"https:\/\/www.art-le-ny.com\/blog\/wp-json\/wp\/v2\/posts\/19366\/revisions\/19367"}],"wp:attachment":[{"href":"https:\/\/www.art-le-ny.com\/blog\/wp-json\/wp\/v2\/media?parent=19366"}],"wp:term":[{"taxonomy":"category","embeddable":true,"href":"https:\/\/www.art-le-ny.com\/blog\/wp-json\/wp\/v2\/categories?post=19366"},{"taxonomy":"post_tag","embeddable":true,"href":"https:\/\/www.art-le-ny.com\/blog\/wp-json\/wp\/v2\/tags?post=19366"}],"curies":[{"name":"wp","href":"https:\/\/api.w.org\/{rel}","templated":true}]}}